{"id":10078,"date":"2025-06-24T21:14:06","date_gmt":"2025-06-24T19:14:06","guid":{"rendered":"http:\/\/mf.untz.ba\/?p=10078"},"modified":"2025-06-24T21:14:07","modified_gmt":"2025-06-24T19:14:07","slug":"pocela-energetska-obnova-laboratorijskog-kompleksa-masinskog-fakulteta","status":"publish","type":"post","link":"http:\/\/mf.untz.ba\/?p=10078","title":{"rendered":"Po\u010dela energetska obnova Laboratorijskog kompleksa Ma\u0161inskog fakulteta!"},"content":{"rendered":"\n<p>Velike vijesti sti\u017eu iz Kampusa Univerziteta u Tuzli! Zvani\u010dno po\u010deli radovi na energetskoj obnovi Laboratorijskog kompleksa Ma\u0161inskog fakulteta <a href=\"https:\/\/www.facebook.com\/univerzitettuzla?__cft__[0]=AZVpLg0vx7W0y9zmOuMj-RfaFoXbfUbo7IU3whPVoVzRBsyMACptuE7YFQPQly9Gdc1g-F0L7R2tzARMLstROwA4W4ZYNvPuO_ui3SDYVFhCAINaiVmtg5CRHZanns8hL1OKoC3se40FtO-fNbv-vQVlTNrL6we0CR792l05wY0z6jCiumg9dPQgi4yNUJKa59EHIiftJkK6BLCaQUwmdDC-&amp;__tn__=-]K-R\">Univerzitet u Tuzli &#8211; University of Tuzla<\/a> !<\/p>\n\n\n\n<p>Ovaj zna\u010dajan korak realizuje se u okviru projekta \u201ePametna rje\u0161enja u energetskoj tranziciji proizvodnih preduze\u0107a \u2013 SMARTSTEP\u201c, koji se implementira pod okriljem Interreg VI-A IPA Programa prekograni\u010dne saradnje Hrvatska \u2013 Bosna i Hercegovina \u2013 Crna Gora 2021.-2027. Zahvaljuju\u0107i saradnji partnera &#8211; <a href=\"https:\/\/www.facebook.com\/crptuzla?__cft__[0]=AZVpLg0vx7W0y9zmOuMj-RfaFoXbfUbo7IU3whPVoVzRBsyMACptuE7YFQPQly9Gdc1g-F0L7R2tzARMLstROwA4W4ZYNvPuO_ui3SDYVFhCAINaiVmtg5CRHZanns8hL1OKoC3se40FtO-fNbv-vQVlTNrL6we0CR792l05wY0z6jCiumg9dPQgi4yNUJKa59EHIiftJkK6BLCaQUwmdDC-&amp;__tn__=-]K-R\">Centar za razvoj i podr\u0161ku (CRP)<\/a> Tuzla, Vlade Tuzlanskog kantona preko <a href=\"https:\/\/www.facebook.com\/ministarstvoprivredetk?__cft__[0]=AZVpLg0vx7W0y9zmOuMj-RfaFoXbfUbo7IU3whPVoVzRBsyMACptuE7YFQPQly9Gdc1g-F0L7R2tzARMLstROwA4W4ZYNvPuO_ui3SDYVFhCAINaiVmtg5CRHZanns8hL1OKoC3se40FtO-fNbv-vQVlTNrL6we0CR792l05wY0z6jCiumg9dPQgi4yNUJKa59EHIiftJkK6BLCaQUwmdDC-&amp;__tn__=-]K-R\">Ministarstvo privrede Tuzlanskog kantona<\/a>, Sveu\u010dili\u0161ta u Slavonskom Brodu i Brodsko-posavske \u017eupanije &#8211; na\u0161 fakultet dobija moderniji i energetski efikasniji prostor.<\/p>\n\n\n\n<p>Ovo nije samo obnova, ovo je ulaganje u budu\u0107nost, u bolje uslove za u\u010denje i istra\u017eivanje, te u doprinos odr\u017eivom razvoju. Radujemo se novom ruhu i prilikama u sklopu kompleksa!<\/p>\n\n\n\n<p>Pratite nas za vi\u0161e novosti o napretku radova!<\/p>\n\n\n\n<figure class=\"wp-block-gallery columns-2 is-cropped\"><ul class=\"blocks-gallery-grid\"><li class=\"blocks-gallery-item\"><figure><a href=\"http:\/\/mf.untz.ba\/wp-content\/uploads\/2025\/06\/1111111.jpg\"><img loading=\"lazy\" width=\"1024\" height=\"768\" src=\"http:\/\/mf.untz.ba\/wp-content\/uploads\/2025\/06\/1111111-1024x768.jpg\" alt=\"\" data-id=\"10079\" data-full-url=\"http:\/\/mf.untz.ba\/wp-content\/uploads\/2025\/06\/1111111.jpg\" data-link=\"http:\/\/mf.untz.ba\/?attachment_id=10079\" class=\"wp-image-10079\" srcset=\"http:\/\/mf.untz.ba\/wp-content\/uploads\/2025\/06\/1111111-1024x768.jpg 1024w, http:\/\/mf.untz.ba\/wp-content\/uploads\/2025\/06\/1111111-300x225.jpg 300w, http:\/\/mf.untz.ba\/wp-content\/uploads\/2025\/06\/1111111-768x576.jpg 768w, http:\/\/mf.untz.ba\/wp-content\/uploads\/2025\/06\/1111111-1536x1152.jpg 1536w, http:\/\/mf.untz.ba\/wp-content\/uploads\/2025\/06\/1111111.jpg 1600w\" sizes=\"(max-width: 1024px) 100vw, 1024px\" \/><\/a><\/figure><\/li><li class=\"blocks-gallery-item\"><figure><a href=\"http:\/\/mf.untz.ba\/wp-content\/uploads\/2025\/06\/2222.jpg\"><img loading=\"lazy\" width=\"600\" height=\"450\" src=\"http:\/\/mf.untz.ba\/wp-content\/uploads\/2025\/06\/2222.jpg\" alt=\"\" data-id=\"10080\" data-full-url=\"http:\/\/mf.untz.ba\/wp-content\/uploads\/2025\/06\/2222.jpg\" data-link=\"http:\/\/mf.untz.ba\/?attachment_id=10080\" class=\"wp-image-10080\" srcset=\"http:\/\/mf.untz.ba\/wp-content\/uploads\/2025\/06\/2222.jpg 600w, http:\/\/mf.untz.ba\/wp-content\/uploads\/2025\/06\/2222-300x225.jpg 300w\" sizes=\"(max-width: 600px) 100vw, 600px\" \/><\/a><\/figure><\/li><\/ul><\/figure>\n","protected":false},"excerpt":{"rendered":"<p>Velike vijesti sti\u017eu iz Kampusa Univerziteta u Tuzli! Zvani\u010dno po\u010deli radovi na energetskoj obnovi Laboratorijskog kompleksa Ma\u0161inskog fakulteta Univerzitet u Tuzli &#8211; University of Tuzla ! Ovaj zna\u010dajan korak realizuje se u okviru projekta&#46;&#46;&#46;<\/p>\n","protected":false},"author":3,"featured_media":10079,"comment_status":"closed","ping_status":"open","sticky":false,"template":"","format":"standard","meta":[],"categories":[13],"tags":[],"_links":{"self":[{"href":"http:\/\/mf.untz.ba\/index.php?rest_route=\/wp\/v2\/posts\/10078"}],"collection":[{"href":"http:\/\/mf.untz.ba\/index.php?rest_route=\/wp\/v2\/posts"}],"about":[{"href":"http:\/\/mf.untz.ba\/index.php?rest_route=\/wp\/v2\/types\/post"}],"author":[{"embeddable":true,"href":"http:\/\/mf.untz.ba\/index.php?rest_route=\/wp\/v2\/users\/3"}],"replies":[{"embeddable":true,"href":"http:\/\/mf.untz.ba\/index.php?rest_route=%2Fwp%2Fv2%2Fcomments&post=10078"}],"version-history":[{"count":1,"href":"http:\/\/mf.untz.ba\/index.php?rest_route=\/wp\/v2\/posts\/10078\/revisions"}],"predecessor-version":[{"id":10081,"href":"http:\/\/mf.untz.ba\/index.php?rest_route=\/wp\/v2\/posts\/10078\/revisions\/10081"}],"wp:featuredmedia":[{"embeddable":true,"href":"http:\/\/mf.untz.ba\/index.php?rest_route=\/wp\/v2\/media\/10079"}],"wp:attachment":[{"href":"http:\/\/mf.untz.ba\/index.php?rest_route=%2Fwp%2Fv2%2Fmedia&parent=10078"}],"wp:term":[{"taxonomy":"category","embeddable":true,"href":"http:\/\/mf.untz.ba\/index.php?rest_route=%2Fwp%2Fv2%2Fcategories&post=10078"},{"taxonomy":"post_tag","embeddable":true,"href":"http:\/\/mf.untz.ba\/index.php?rest_route=%2Fwp%2Fv2%2Ftags&post=10078"}],"curies":[{"name":"wp","href":"https:\/\/api.w.org\/{rel}","templated":true}]}}