{"id":10886,"date":"2026-09-01T08:21:13","date_gmt":"2026-09-01T06:21:13","guid":{"rendered":"http:\/\/mf.untz.ba\/?p=10886"},"modified":"2026-09-01T08:21:13","modified_gmt":"2026-09-01T06:21:13","slug":"privremene-rang-liste-ii-upisni-rok-2","status":"publish","type":"post","link":"http:\/\/mf.untz.ba\/?p=10886","title":{"rendered":"Privremene rang liste \u2013 II upisni rok"},"content":{"rendered":"\n<p><a href=\"https:\/\/drive.google.com\/file\/d\/1znxBSbQ4jiAGrIYsvdErBq2SARk5U_P-\/view?usp=sharing\">Privremene rang liste_Ma\u0161inski fakultet<\/a><\/p>\n\n\n\n<p class=\"has-text-align-center\"><strong>V A \u017d N O&nbsp; &nbsp;&nbsp;&nbsp;O B A V J E \u0160 T E N J E<\/strong><strong><\/strong><\/p>\n\n\n\n<p class=\"has-text-align-center\"><strong>za upis kandidatkinja\/kandidata na Ma\u0161inski fakultet u Tuzli u drugom (II) upisnom roku<\/strong><\/p>\n\n\n\n<p class=\"has-text-align-center\">Po\u0161tovane kandidatkinje\/kandidati ako ste ostvarili pravo upisa na vi\u0161e dostupnih studijskih programa na Ma\u0161inskom fakultetu u Tuzli ili na nekom drugom fakultetu, molimo Vas da se do petka, 04.09.2026. godine do 15:00 sati, obratite studentskoj slu\u017ebi Ma\u0161inskog fakulteta u Tuzli kako bi se izjasnili o svojim namjerama. &nbsp;<\/p>\n\n\n\n<p class=\"has-text-align-center\">Na ovaj na\u010din bi u duhu kolegijalnosti oslobodili mjesto i omogu\u0107ili upis drugim zainteresiranim kandidatkinjama\/kandidatima da se u drugom upisnom roku upi\u0161u na Ma\u0161inski fakultet u Tuzli. Dekan Ma\u0161inskog fakulteta u Tuzli<\/p>\n","protected":false},"excerpt":{"rendered":"<p>Privremene rang liste_Ma\u0161inski fakultet V A \u017d N O&nbsp; &nbsp;&nbsp;&nbsp;O B A V J E \u0160 T E N J E za upis kandidatkinja\/kandidata na Ma\u0161inski fakultet u Tuzli u drugom (II) upisnom roku&#46;&#46;&#46;<\/p>\n","protected":false},"author":3,"featured_media":5903,"comment_status":"closed","ping_status":"open","sticky":false,"template":"","format":"standard","meta":[],"categories":[13],"tags":[],"_links":{"self":[{"href":"http:\/\/mf.untz.ba\/index.php?rest_route=\/wp\/v2\/posts\/10886"}],"collection":[{"href":"http:\/\/mf.untz.ba\/index.php?rest_route=\/wp\/v2\/posts"}],"about":[{"href":"http:\/\/mf.untz.ba\/index.php?rest_route=\/wp\/v2\/types\/post"}],"author":[{"embeddable":true,"href":"http:\/\/mf.untz.ba\/index.php?rest_route=\/wp\/v2\/users\/3"}],"replies":[{"embeddable":true,"href":"http:\/\/mf.untz.ba\/index.php?rest_route=%2Fwp%2Fv2%2Fcomments&post=10886"}],"version-history":[{"count":1,"href":"http:\/\/mf.untz.ba\/index.php?rest_route=\/wp\/v2\/posts\/10886\/revisions"}],"predecessor-version":[{"id":10887,"href":"http:\/\/mf.untz.ba\/index.php?rest_route=\/wp\/v2\/posts\/10886\/revisions\/10887"}],"wp:featuredmedia":[{"embeddable":true,"href":"http:\/\/mf.untz.ba\/index.php?rest_route=\/wp\/v2\/media\/5903"}],"wp:attachment":[{"href":"http:\/\/mf.untz.ba\/index.php?rest_route=%2Fwp%2Fv2%2Fmedia&parent=10886"}],"wp:term":[{"taxonomy":"category","embeddable":true,"href":"http:\/\/mf.untz.ba\/index.php?rest_route=%2Fwp%2Fv2%2Fcategories&post=10886"},{"taxonomy":"post_tag","embeddable":true,"href":"http:\/\/mf.untz.ba\/index.php?rest_route=%2Fwp%2Fv2%2Ftags&post=10886"}],"curies":[{"name":"wp","href":"https:\/\/api.w.org\/{rel}","templated":true}]}}