{"id":10891,"date":"2026-09-03T08:27:52","date_gmt":"2026-09-03T06:27:52","guid":{"rendered":"http:\/\/mf.untz.ba\/?p=10891"},"modified":"2026-09-03T08:27:53","modified_gmt":"2026-09-03T06:27:53","slug":"predstavnici-univerziteta-u-tuzli-na-prestiznom-bled-strategic-forumu-i-enter-change-programu-u-sloveniji","status":"publish","type":"post","link":"http:\/\/mf.untz.ba\/?p=10891","title":{"rendered":"Predstavnici Univerziteta u Tuzli na presti\u017enom Bled Strategic Forumu i \u201cENTER CHANGE \u201d programu u Sloveniji"},"content":{"rendered":"\n<div class=\"wp-block-image\"><figure class=\"aligncenter is-resized\"><img loading=\"lazy\" src=\"https:\/\/untz.ba\/wp-content\/uploads\/2026\/09\/1-768x1024.jpg\" alt=\"USPJEH NA\u0160IH UPOSLENIKA: Predstavnici Univerziteta u Tuzli na presti\u017enom Bled Strategic Forumu i &quot;ENTER CHANGE &quot; programu u Sloveniji\" width=\"384\" height=\"512\"\/><\/figure><\/div>\n\n\n\n<p class=\"has-text-align-center\">Sa ponosom isti\u010demo uspjeh uposlenika Univerziteta u Tuzli,\u00a0<strong>MA Denisa Be\u0107irovi\u0107a, dipl. ing. ma\u0161instva<\/strong>, vi\u0161eg asistenta na Ma\u0161inskom fakultetu i <strong>MA politologije Maide \u0160ljivi\u0107 Mahovki\u0107<\/strong>, asistentice na Filozofskom fakultetu, koji su u\u010destvovali na\u00a0<strong>21. Bled Strategic Forumu<\/strong>\u00a0i prvom izdanju programa\u00a0<strong>ENTER CHANGE<\/strong>\u00a0u Sloveniji.<\/p>\n\n\n\n<p class=\"has-text-align-center\">Program&nbsp;<strong>ENTER CHANGE<\/strong>&nbsp;odr\u017ean je od&nbsp;<strong>27. augusta do 1. septembra 2026. godine<\/strong>&nbsp;u Kranjskoj Gori, Ljubljani i Bledu, okupiv\u0161i mlade lidere iz razli\u010ditih oblasti s ciljem razvoja liderskih kapaciteta, razmjene znanja i iskustava te osna\u017eivanja mladih za aktivno kreiranje pozitivnih dru\u0161tvenih promjena.<\/p>\n\n\n\n<p class=\"has-text-align-center\">Tokom \u0161estodnevnog programa, koji je obuhvatio&nbsp;<strong>12 razli\u010ditih aktivnosti<\/strong>, Maida i Denis imali su priliku unaprijediti svoje profesionalne i liderske vje\u0161tine, razmijeniti iskustva sa u\u010desnicima iz razli\u010ditih zemalja te razgovarati o izazovima i prilikama za kreiranje odr\u017eivih promjena u dru\u0161tvu.<\/p>\n\n\n\n<p class=\"has-text-align-center\">Poseban zna\u010daj njihovom u\u010de\u0161\u0107u dalo je prisustvo na&nbsp;<strong>Bled Strategic Forumu<\/strong>, jednoj od najzna\u010dajnijih me\u0111unarodnih platformi za dijalog o aktuelnim politi\u010dkim, dru\u0161tvenim i globalnim pitanjima. Tom prilikom imali su priliku susresti se i razgovarati sa brojnim istaknutim me\u0111unarodnim zvani\u010dnicima i javnim li\u010dnostima, me\u0111u kojima su&nbsp;<strong>Marta Kos, evropska komesarka za pro\u0161irenje, Nata\u0161a Pirc Musar, predsjednica Republike Slovenije, Wolfgang Petritsch, biv\u0161i visoki predstavnik u Bosni i Hercegovini, te Igor Gaon, biv\u0161i \u0161ef diplomatske misije Bosne i Hercegovine pri Vije\u0107u Evrope<\/strong>.<\/p>\n\n\n\n<p class=\"has-text-align-center\">\u201cZagovarali smo da je Bosna i Hercegovina integralna dr\u017eava sa svojim teritorijalnim suverenitetom i integritetom i da su Bosanci i Hercegovci evropski narodi koji pripadaju Evropskoj uniji, da je to njihova ku\u0107a i da nas Brisel treba posmatrati tako. Usljed agresivne trgovinske i ekonomske politike SAD-a i progresivne kineske mo\u017eda je BiH rje\u0161enje za EU\u201d, kazao je Denis.<\/p>\n\n\n\n<p class=\"has-text-align-center\">U\u010de\u0161\u0107e Maide i Denisa na ovakvim me\u0111unarodnim platformama predstavlja vrijedan doprinos njihovom profesionalnom razvoju, ali i potvrdu opredijeljenosti&nbsp;<strong>Univerziteta u Tuzli<\/strong>&nbsp;ka kontinuiranom usavr\u0161avanju vlastitih kadrova, povezivanju sa me\u0111unarodnom akademskom i dru\u0161tvenom zajednicom te aktivnom u\u010de\u0161\u0107u u procesima koji oblikuju budu\u0107nost dru\u0161tva.<\/p>\n\n\n\n<p class=\"has-text-align-center\">\u201cOno \u0161to je bitno jeste da nastavimo ja\u010dati kapacitete mladih ljudi, mladih lidera i da radimo na obrazovanju novih generacija, su oni potencijal za na\u0161 ulazak u EU jer najbitniji resurs jesu ljudi koji \u0107e voditi te procese\u201d, dodala je Maida.<\/p>\n\n\n\n<p class=\"has-text-align-center\">Ponosni smo \u0161to na\u0161i mladi akademski kadrovi svojim znanjem, anga\u017emanom i otvoreno\u0161\u0107u prema novim iskustvima predstavljaju&nbsp;<strong>Univerzitet u Tuzli<\/strong>&nbsp;na zna\u010dajnim me\u0111unarodnim doga\u0111ajima i platformama.<\/p>\n","protected":false},"excerpt":{"rendered":"<p>Sa ponosom isti\u010demo uspjeh uposlenika Univerziteta u Tuzli,\u00a0MA Denisa Be\u0107irovi\u0107a, dipl. ing. ma\u0161instva, vi\u0161eg asistenta na Ma\u0161inskom fakultetu i MA politologije Maide \u0160ljivi\u0107 Mahovki\u0107, asistentice na Filozofskom fakultetu, koji su u\u010destvovali na\u00a021. Bled Strategic&#46;&#46;&#46;<\/p>\n","protected":false},"author":3,"featured_media":10892,"comment_status":"closed","ping_status":"open","sticky":false,"template":"","format":"standard","meta":[],"categories":[13],"tags":[],"_links":{"self":[{"href":"http:\/\/mf.untz.ba\/index.php?rest_route=\/wp\/v2\/posts\/10891"}],"collection":[{"href":"http:\/\/mf.untz.ba\/index.php?rest_route=\/wp\/v2\/posts"}],"about":[{"href":"http:\/\/mf.untz.ba\/index.php?rest_route=\/wp\/v2\/types\/post"}],"author":[{"embeddable":true,"href":"http:\/\/mf.untz.ba\/index.php?rest_route=\/wp\/v2\/users\/3"}],"replies":[{"embeddable":true,"href":"http:\/\/mf.untz.ba\/index.php?rest_route=%2Fwp%2Fv2%2Fcomments&post=10891"}],"version-history":[{"count":1,"href":"http:\/\/mf.untz.ba\/index.php?rest_route=\/wp\/v2\/posts\/10891\/revisions"}],"predecessor-version":[{"id":10893,"href":"http:\/\/mf.untz.ba\/index.php?rest_route=\/wp\/v2\/posts\/10891\/revisions\/10893"}],"wp:featuredmedia":[{"embeddable":true,"href":"http:\/\/mf.untz.ba\/index.php?rest_route=\/wp\/v2\/media\/10892"}],"wp:attachment":[{"href":"http:\/\/mf.untz.ba\/index.php?rest_route=%2Fwp%2Fv2%2Fmedia&parent=10891"}],"wp:term":[{"taxonomy":"category","embeddable":true,"href":"http:\/\/mf.untz.ba\/index.php?rest_route=%2Fwp%2Fv2%2Fcategories&post=10891"},{"taxonomy":"post_tag","embeddable":true,"href":"http:\/\/mf.untz.ba\/index.php?rest_route=%2Fwp%2Fv2%2Ftags&post=10891"}],"curies":[{"name":"wp","href":"https:\/\/api.w.org\/{rel}","templated":true}]}}