{"id":4210,"date":"2020-09-24T09:58:03","date_gmt":"2020-09-24T07:58:03","guid":{"rendered":"http:\/\/mf.untz.ba\/?p=4210"},"modified":"2020-09-24T09:58:03","modified_gmt":"2020-09-24T07:58:03","slug":"odrzana-obuka-iz-aditivnih-tehnologija-proizvodnje-na-masinskom-fakultetu-u-tuzli","status":"publish","type":"post","link":"http:\/\/mf.untz.ba\/?p=4210","title":{"rendered":"Odr\u017eana obuka iz aditivnih tehnologija proizvodnje na Ma\u0161inskom fakultetu u Tuzli"},"content":{"rendered":"<p style=\"text-align: center\">Na poziv Dekana prof.dr. Denijala Spre\u010di\u0107a, a u organizaciji Ma\u0161inskog fakulteta u Tuzli dana 21.09.2020. godine u 10:00 sati<\/p>\n<p style=\"text-align: center\">u Kampusu Univerziteta u Tuzli odr\u017eana je obuka vezana za aditivne tehnologije i 3D printanje \u0161to predstavlja jedan od devet stubova<\/p>\n<p style=\"text-align: center\">4. industrijske revolucije. Primjena takvog sistema pomo\u0107i \u0107e Bosni i Hercegovini da uhvati korak sa modernim svjetskim trendovima u industrijskoj<\/p>\n<p style=\"text-align: center\">proizvodnji. Obuku su provodili predstavnici firme &#8220;3D Republika&#8221;, a obuci su prisustvovali studenti Ma\u0161inskog fakulteta Univerziteta u Tuzli.<\/p>\n<p style=\"text-align: center\"><a href=\"http:\/\/mf.untz.ba\/wp-content\/uploads\/2020\/09\/IMG-03c8fbe76585dfa1014a8ba4830940a0-V-1.jpg\"><img loading=\"lazy\" class=\"alignnone size-medium wp-image-4211\" src=\"http:\/\/mf.untz.ba\/wp-content\/uploads\/2020\/09\/IMG-03c8fbe76585dfa1014a8ba4830940a0-V-1-225x300.jpg\" alt=\"\" width=\"225\" height=\"300\" srcset=\"http:\/\/mf.untz.ba\/wp-content\/uploads\/2020\/09\/IMG-03c8fbe76585dfa1014a8ba4830940a0-V-1-225x300.jpg 225w, http:\/\/mf.untz.ba\/wp-content\/uploads\/2020\/09\/IMG-03c8fbe76585dfa1014a8ba4830940a0-V-1-768x1024.jpg 768w, http:\/\/mf.untz.ba\/wp-content\/uploads\/2020\/09\/IMG-03c8fbe76585dfa1014a8ba4830940a0-V-1.jpg 1350w\" sizes=\"(max-width: 225px) 100vw, 225px\" \/>\u00a0\u00a0\u00a0\u00a0\u00a0\u00a0\u00a0\u00a0\u00a0\u00a0\u00a0\u00a0\u00a0\u00a0\u00a0\u00a0\u00a0\u00a0\u00a0\u00a0\u00a0\u00a0\u00a0\u00a0<\/a> <a href=\"http:\/\/mf.untz.ba\/wp-content\/uploads\/2020\/09\/IMG-49b11a9599c6101f4a1384778d828dc5-V.jpg\"><img loading=\"lazy\" class=\"alignnone size-medium wp-image-4212\" src=\"http:\/\/mf.untz.ba\/wp-content\/uploads\/2020\/09\/IMG-49b11a9599c6101f4a1384778d828dc5-V-225x300.jpg\" alt=\"\" width=\"225\" height=\"300\" \/><\/a><\/p>\n<p style=\"text-align: center\"><a href=\"http:\/\/mf.untz.ba\/wp-content\/uploads\/2020\/09\/IMG-986f86e238c32c585f6e23cd05ff49d2-V.jpg\"><img loading=\"lazy\" class=\"alignnone size-medium wp-image-4213\" src=\"http:\/\/mf.untz.ba\/wp-content\/uploads\/2020\/09\/IMG-986f86e238c32c585f6e23cd05ff49d2-V-300x225.jpg\" alt=\"\" width=\"300\" height=\"225\" srcset=\"http:\/\/mf.untz.ba\/wp-content\/uploads\/2020\/09\/IMG-986f86e238c32c585f6e23cd05ff49d2-V-300x225.jpg 300w, http:\/\/mf.untz.ba\/wp-content\/uploads\/2020\/09\/IMG-986f86e238c32c585f6e23cd05ff49d2-V-768x576.jpg 768w, http:\/\/mf.untz.ba\/wp-content\/uploads\/2020\/09\/IMG-986f86e238c32c585f6e23cd05ff49d2-V-1024x768.jpg 1024w, http:\/\/mf.untz.ba\/wp-content\/uploads\/2020\/09\/IMG-986f86e238c32c585f6e23cd05ff49d2-V.jpg 1800w\" sizes=\"(max-width: 300px) 100vw, 300px\" \/>\u00a0\u00a0\u00a0<\/a> <a href=\"http:\/\/mf.untz.ba\/wp-content\/uploads\/2020\/09\/IMG-1396782d55267921e9e5aca108b69024-V.jpg\"><img loading=\"lazy\" class=\"alignnone size-medium wp-image-4214\" src=\"http:\/\/mf.untz.ba\/wp-content\/uploads\/2020\/09\/IMG-1396782d55267921e9e5aca108b69024-V-300x225.jpg\" alt=\"\" width=\"300\" height=\"225\" srcset=\"http:\/\/mf.untz.ba\/wp-content\/uploads\/2020\/09\/IMG-1396782d55267921e9e5aca108b69024-V-300x225.jpg 300w, http:\/\/mf.untz.ba\/wp-content\/uploads\/2020\/09\/IMG-1396782d55267921e9e5aca108b69024-V-768x575.jpg 768w, http:\/\/mf.untz.ba\/wp-content\/uploads\/2020\/09\/IMG-1396782d55267921e9e5aca108b69024-V-1024x767.jpg 1024w, http:\/\/mf.untz.ba\/wp-content\/uploads\/2020\/09\/IMG-1396782d55267921e9e5aca108b69024-V.jpg 1800w\" sizes=\"(max-width: 300px) 100vw, 300px\" \/>\u00a0\u00a0\u00a0\u00a0<\/a> <a href=\"http:\/\/mf.untz.ba\/wp-content\/uploads\/2020\/09\/IMG-afbfff0d2904d8abfeda10958d20d758-V.jpg\"><img loading=\"lazy\" class=\"alignnone size-medium wp-image-4215\" src=\"http:\/\/mf.untz.ba\/wp-content\/uploads\/2020\/09\/IMG-afbfff0d2904d8abfeda10958d20d758-V-300x225.jpg\" alt=\"\" width=\"300\" height=\"225\" srcset=\"http:\/\/mf.untz.ba\/wp-content\/uploads\/2020\/09\/IMG-afbfff0d2904d8abfeda10958d20d758-V-300x225.jpg 300w, http:\/\/mf.untz.ba\/wp-content\/uploads\/2020\/09\/IMG-afbfff0d2904d8abfeda10958d20d758-V-768x576.jpg 768w, http:\/\/mf.untz.ba\/wp-content\/uploads\/2020\/09\/IMG-afbfff0d2904d8abfeda10958d20d758-V-1024x768.jpg 1024w, http:\/\/mf.untz.ba\/wp-content\/uploads\/2020\/09\/IMG-afbfff0d2904d8abfeda10958d20d758-V.jpg 1800w\" sizes=\"(max-width: 300px) 100vw, 300px\" \/><\/a><\/p>\n","protected":false},"excerpt":{"rendered":"<p>Na poziv Dekana prof.dr. Denijala Spre\u010di\u0107a, a u organizaciji Ma\u0161inskog fakulteta u Tuzli dana 21.09.2020. godine u 10:00 sati u Kampusu Univerziteta u Tuzli odr\u017eana je obuka vezana za aditivne tehnologije i 3D printanje&#46;&#46;&#46;<\/p>\n","protected":false},"author":3,"featured_media":4214,"comment_status":"closed","ping_status":"open","sticky":false,"template":"","format":"standard","meta":[],"categories":[13],"tags":[],"_links":{"self":[{"href":"http:\/\/mf.untz.ba\/index.php?rest_route=\/wp\/v2\/posts\/4210"}],"collection":[{"href":"http:\/\/mf.untz.ba\/index.php?rest_route=\/wp\/v2\/posts"}],"about":[{"href":"http:\/\/mf.untz.ba\/index.php?rest_route=\/wp\/v2\/types\/post"}],"author":[{"embeddable":true,"href":"http:\/\/mf.untz.ba\/index.php?rest_route=\/wp\/v2\/users\/3"}],"replies":[{"embeddable":true,"href":"http:\/\/mf.untz.ba\/index.php?rest_route=%2Fwp%2Fv2%2Fcomments&post=4210"}],"version-history":[{"count":1,"href":"http:\/\/mf.untz.ba\/index.php?rest_route=\/wp\/v2\/posts\/4210\/revisions"}],"predecessor-version":[{"id":4216,"href":"http:\/\/mf.untz.ba\/index.php?rest_route=\/wp\/v2\/posts\/4210\/revisions\/4216"}],"wp:featuredmedia":[{"embeddable":true,"href":"http:\/\/mf.untz.ba\/index.php?rest_route=\/wp\/v2\/media\/4214"}],"wp:attachment":[{"href":"http:\/\/mf.untz.ba\/index.php?rest_route=%2Fwp%2Fv2%2Fmedia&parent=4210"}],"wp:term":[{"taxonomy":"category","embeddable":true,"href":"http:\/\/mf.untz.ba\/index.php?rest_route=%2Fwp%2Fv2%2Fcategories&post=4210"},{"taxonomy":"post_tag","embeddable":true,"href":"http:\/\/mf.untz.ba\/index.php?rest_route=%2Fwp%2Fv2%2Ftags&post=4210"}],"curies":[{"name":"wp","href":"https:\/\/api.w.org\/{rel}","templated":true}]}}