{"id":4617,"date":"2020-12-09T13:20:08","date_gmt":"2020-12-09T12:20:08","guid":{"rendered":"http:\/\/mf.untz.ba\/?p=4617"},"modified":"2020-12-09T13:26:35","modified_gmt":"2020-12-09T12:26:35","slug":"donirana-vrijedna-oprema-masinskom-fakultetu-univerziteta-u-tuzli","status":"publish","type":"post","link":"http:\/\/mf.untz.ba\/?p=4617","title":{"rendered":"Donirana vrijedna oprema Ma\u0161inskom fakultetu Univerziteta u Tuzli"},"content":{"rendered":"<p>Njema\u010dka vlada dostavila je specijalizovanu opremu za 3D &#8211; digitalizaciju i\u00a0 3D printanje Ma\u0161inskom fakultetu Univerziteta u Tuzli.<\/p>\n<p><em>&#8220;Ovo je va\u017ean doprinos pri opremanju na\u0161e istra\u017eiva\u010dke laboratorije. Aditivna proizvodnja (3D printanje) jedan je od 9 stupova 4. industrijske revolucije i primjena takvog sistema pomo\u0107i \u0107e Bosni i Hercegovini da uhvati korak sa modernim svjetskim trendovima u industrijskoj proizvodnji&#8221;<\/em> rekao\u00a0 je\u00a0 Prof. dr. sci. Denijal Spre\u010di\u0107, dekan Ma\u0161inskog fakulteta Univerziteta u Tuzli.<\/p>\n<p><a href=\"http:\/\/mf.untz.ba\/wp-content\/uploads\/2020\/12\/photo-1-4_optimized.jpg\"><img loading=\"lazy\" class=\"alignnone size-medium wp-image-4618\" src=\"http:\/\/mf.untz.ba\/wp-content\/uploads\/2020\/12\/photo-1-4_optimized-300x200.jpg\" alt=\"\" width=\"300\" height=\"200\" srcset=\"http:\/\/mf.untz.ba\/wp-content\/uploads\/2020\/12\/photo-1-4_optimized-300x200.jpg 300w, http:\/\/mf.untz.ba\/wp-content\/uploads\/2020\/12\/photo-1-4_optimized-768x512.jpg 768w, http:\/\/mf.untz.ba\/wp-content\/uploads\/2020\/12\/photo-1-4_optimized-1024x683.jpg 1024w\" sizes=\"(max-width: 300px) 100vw, 300px\" \/><\/a> <a href=\"http:\/\/mf.untz.ba\/wp-content\/uploads\/2020\/12\/photo-1-7_optimized.jpg\"><img loading=\"lazy\" class=\"alignnone size-medium wp-image-4619\" src=\"http:\/\/mf.untz.ba\/wp-content\/uploads\/2020\/12\/photo-1-7_optimized-300x200.jpg\" alt=\"\" width=\"300\" height=\"200\" srcset=\"http:\/\/mf.untz.ba\/wp-content\/uploads\/2020\/12\/photo-1-7_optimized-300x200.jpg 300w, http:\/\/mf.untz.ba\/wp-content\/uploads\/2020\/12\/photo-1-7_optimized-768x512.jpg 768w, http:\/\/mf.untz.ba\/wp-content\/uploads\/2020\/12\/photo-1-7_optimized-1024x683.jpg 1024w\" sizes=\"(max-width: 300px) 100vw, 300px\" \/><\/a> <a href=\"http:\/\/mf.untz.ba\/wp-content\/uploads\/2020\/12\/photo-1-8_optimized.jpg\"><img loading=\"lazy\" class=\"alignnone size-medium wp-image-4620\" src=\"http:\/\/mf.untz.ba\/wp-content\/uploads\/2020\/12\/photo-1-8_optimized-300x200.jpg\" alt=\"\" width=\"300\" height=\"200\" srcset=\"http:\/\/mf.untz.ba\/wp-content\/uploads\/2020\/12\/photo-1-8_optimized-300x200.jpg 300w, http:\/\/mf.untz.ba\/wp-content\/uploads\/2020\/12\/photo-1-8_optimized-768x512.jpg 768w, http:\/\/mf.untz.ba\/wp-content\/uploads\/2020\/12\/photo-1-8_optimized-1024x683.jpg 1024w\" sizes=\"(max-width: 300px) 100vw, 300px\" \/><\/a> <a href=\"http:\/\/mf.untz.ba\/wp-content\/uploads\/2020\/12\/photo-1-15_optimized.jpg\"><img loading=\"lazy\" class=\"alignnone size-medium wp-image-4621\" src=\"http:\/\/mf.untz.ba\/wp-content\/uploads\/2020\/12\/photo-1-15_optimized-300x200.jpg\" alt=\"\" width=\"300\" height=\"200\" srcset=\"http:\/\/mf.untz.ba\/wp-content\/uploads\/2020\/12\/photo-1-15_optimized-300x200.jpg 300w, http:\/\/mf.untz.ba\/wp-content\/uploads\/2020\/12\/photo-1-15_optimized-768x512.jpg 768w, http:\/\/mf.untz.ba\/wp-content\/uploads\/2020\/12\/photo-1-15_optimized-1024x683.jpg 1024w\" sizes=\"(max-width: 300px) 100vw, 300px\" \/><\/a> <a href=\"http:\/\/mf.untz.ba\/wp-content\/uploads\/2020\/12\/photo-1-16_optimized.jpg\"><img loading=\"lazy\" class=\"alignnone size-medium wp-image-4622\" src=\"http:\/\/mf.untz.ba\/wp-content\/uploads\/2020\/12\/photo-1-16_optimized-300x200.jpg\" alt=\"\" width=\"300\" height=\"200\" srcset=\"http:\/\/mf.untz.ba\/wp-content\/uploads\/2020\/12\/photo-1-16_optimized-300x200.jpg 300w, http:\/\/mf.untz.ba\/wp-content\/uploads\/2020\/12\/photo-1-16_optimized-768x512.jpg 768w, http:\/\/mf.untz.ba\/wp-content\/uploads\/2020\/12\/photo-1-16_optimized-1024x683.jpg 1024w\" sizes=\"(max-width: 300px) 100vw, 300px\" \/><\/a> <a href=\"http:\/\/mf.untz.ba\/wp-content\/uploads\/2020\/12\/photo-1-21_optimized.jpg\"><img loading=\"lazy\" class=\"alignnone size-medium wp-image-4623\" src=\"http:\/\/mf.untz.ba\/wp-content\/uploads\/2020\/12\/photo-1-21_optimized-300x200.jpg\" alt=\"\" width=\"300\" height=\"200\" srcset=\"http:\/\/mf.untz.ba\/wp-content\/uploads\/2020\/12\/photo-1-21_optimized-300x200.jpg 300w, http:\/\/mf.untz.ba\/wp-content\/uploads\/2020\/12\/photo-1-21_optimized-768x512.jpg 768w, http:\/\/mf.untz.ba\/wp-content\/uploads\/2020\/12\/photo-1-21_optimized-1024x683.jpg 1024w\" sizes=\"(max-width: 300px) 100vw, 300px\" \/><\/a> <a href=\"http:\/\/mf.untz.ba\/wp-content\/uploads\/2020\/12\/photo-1-24_optimized.jpg\"><img loading=\"lazy\" class=\"alignnone size-medium wp-image-4624\" src=\"http:\/\/mf.untz.ba\/wp-content\/uploads\/2020\/12\/photo-1-24_optimized-300x200.jpg\" alt=\"\" width=\"300\" height=\"200\" srcset=\"http:\/\/mf.untz.ba\/wp-content\/uploads\/2020\/12\/photo-1-24_optimized-300x200.jpg 300w, http:\/\/mf.untz.ba\/wp-content\/uploads\/2020\/12\/photo-1-24_optimized-768x512.jpg 768w, http:\/\/mf.untz.ba\/wp-content\/uploads\/2020\/12\/photo-1-24_optimized-1024x683.jpg 1024w\" sizes=\"(max-width: 300px) 100vw, 300px\" \/><\/a><\/p>\n<p>Prema\u00a0 rije\u010dima Dekana Ma\u0161inskog fakulteta, saradnja s privatnim sektorom \u0107e se nastaviti, dok \u0107e istra\u017eiva\u010dko-razvojna laboratorija ostati dostupna studentima, \u010dlanovima osoblja, privrednim subjektima i svima koji izraze potrebu ili \u017eelju da uklju\u010de istra\u017eiva\u010dki kapacitet Ma\u0161inskog fakulteta u provedbu svojih aktivnosti.<\/p>\n<p>Opremu je u ime njema\u010dke vlade isporu\u010dio Deutsche Gesellschaft f\u00fcr Internationale Zusammenarbeit (GIZ) GmbH u okviru Programa za lokalnu samoupravu i ekonomski razvoj u Bosni i Hercegovini.<\/p>\n","protected":false},"excerpt":{"rendered":"<p>Njema\u010dka vlada dostavila je specijalizovanu opremu za 3D &#8211; digitalizaciju i\u00a0 3D printanje Ma\u0161inskom fakultetu Univerziteta u Tuzli. &#8220;Ovo je va\u017ean doprinos pri opremanju na\u0161e istra\u017eiva\u010dke laboratorije. Aditivna proizvodnja (3D printanje) jedan je od&#46;&#46;&#46;<\/p>\n","protected":false},"author":3,"featured_media":4631,"comment_status":"closed","ping_status":"open","sticky":false,"template":"","format":"standard","meta":[],"categories":[13],"tags":[],"_links":{"self":[{"href":"http:\/\/mf.untz.ba\/index.php?rest_route=\/wp\/v2\/posts\/4617"}],"collection":[{"href":"http:\/\/mf.untz.ba\/index.php?rest_route=\/wp\/v2\/posts"}],"about":[{"href":"http:\/\/mf.untz.ba\/index.php?rest_route=\/wp\/v2\/types\/post"}],"author":[{"embeddable":true,"href":"http:\/\/mf.untz.ba\/index.php?rest_route=\/wp\/v2\/users\/3"}],"replies":[{"embeddable":true,"href":"http:\/\/mf.untz.ba\/index.php?rest_route=%2Fwp%2Fv2%2Fcomments&post=4617"}],"version-history":[{"count":3,"href":"http:\/\/mf.untz.ba\/index.php?rest_route=\/wp\/v2\/posts\/4617\/revisions"}],"predecessor-version":[{"id":4630,"href":"http:\/\/mf.untz.ba\/index.php?rest_route=\/wp\/v2\/posts\/4617\/revisions\/4630"}],"wp:featuredmedia":[{"embeddable":true,"href":"http:\/\/mf.untz.ba\/index.php?rest_route=\/wp\/v2\/media\/4631"}],"wp:attachment":[{"href":"http:\/\/mf.untz.ba\/index.php?rest_route=%2Fwp%2Fv2%2Fmedia&parent=4617"}],"wp:term":[{"taxonomy":"category","embeddable":true,"href":"http:\/\/mf.untz.ba\/index.php?rest_route=%2Fwp%2Fv2%2Fcategories&post=4617"},{"taxonomy":"post_tag","embeddable":true,"href":"http:\/\/mf.untz.ba\/index.php?rest_route=%2Fwp%2Fv2%2Ftags&post=4617"}],"curies":[{"name":"wp","href":"https:\/\/api.w.org\/{rel}","templated":true}]}}