{"id":6303,"date":"2022-01-21T14:04:19","date_gmt":"2022-01-21T13:04:19","guid":{"rendered":"http:\/\/mf.untz.ba\/?p=6303"},"modified":"2022-01-21T14:04:22","modified_gmt":"2022-01-21T13:04:22","slug":"gostovanje-predstavnika-masinskog-fakulteta-univerziteta-u-tuzli-u-emisiji-dobar-dan-tk-rtv-tk","status":"publish","type":"post","link":"http:\/\/mf.untz.ba\/?p=6303","title":{"rendered":"Gostovanje predstavnika Ma\u0161inskog fakulteta Univerziteta u Tuzli u emisiji  &#8220;Dobar dan TK&#8221; RTV TK"},"content":{"rendered":"\n<p>Dana 21.01. 2022. godine, u emisiji &#8220;Dobar dan TK&#8221; RTV TK,  gostovali su predstavnici Ma\u0161inskog fakulteta Univerziteta u Tuzli, prodekanica za Nau\u010dno-istra\u017eiva\u010dki rad  prof.dr.sci. Indira Buljuba\u0161i\u0107, \u00a0i prodekan za nastavu i studentska pitanja prof.dr.sci. Sla\u0111an Lovri\u0107.<\/p>\n\n\n\n<p>Tema gostovanja bila je<strong>  <\/strong>&#8220;Zna\u010daj Nau\u010dno-istra\u017eiva\u010dkog rada na Ma\u0161inskom fakultetu Univerziteta u Tuzli&#8221;<\/p>\n\n\n\n<p>Ma\u0161inski fakultet ima bogatu tradiciju nau\u010dno istra\u017eiva\u010dkih aktivnosti, koje su prvo po\u010dele sa istra\u017eivanjima u oblasti ma\u0161instva u sklopu  rudarstva, zatim energetike, da bi se pro\u0161irile gotovo na cijelo podru\u010dje ma\u0161instva i srodnih grana. Rezultati  nau\u010dno istra\u017eiva\u010dkog rada  objavljeni su u referentnim \u010dasopisima u zemlji i inostranstvu, referentnim konferencijama i kongresima, te doktorskim i magistarskim disertacijama.<\/p>\n\n\n\n<p>Koliki je ina\u010de zna\u010daj nau\u010dno-istra\u017eiva\u010dkog rada ? Da li  je nau\u010dno-ista\u017eiva\u010dki rad uop\u0161te potreban i koliko ? Koliko se danas u BiH ula\u017ee u nau\u010dno-istra\u017eiva\u010dki rad ? Postoje li neki fondovi kao pomo\u0107 nau\u010dnicima &#8211; istra\u017eiva\u010dima ? Kolika je zainteresovanost mladih ljudi u BiH za nauku, za istra\u017eivanje. To su samo neka od pitanja na koja su odgovor dali: <\/p>\n\n\n\n<p>prof.dr.sci. Indira Buljuba\u0161i\u0107,prodekanica za nau\u010dno istra\u017eiva\u010dki rad na Ma\u0161inskom fakultetu Univerziteta u Tuzli i prof.dr.sci. Sla\u0111an Lovri\u0107, prodekan za nastavu i studentska pitanja na Ma\u0161inskom fakultetu Univerziteta u Tuzli<\/p>\n\n\n\n<figure class=\"wp-block-embed is-type-video is-provider-youtube wp-block-embed-youtube wp-embed-aspect-16-9 wp-has-aspect-ratio\"><div class=\"wp-block-embed__wrapper\">\n<div class=\"video-container\"><iframe title=\"DOBAR DAN TK -  Koliki je zna\u010daj nau\u010dno-istra\u017eiva\u010dkog rada ?\" width=\"500\" height=\"281\" src=\"https:\/\/www.youtube.com\/embed\/bhIH0bxdCKA?feature=oembed&#038;wmode=opaque\" frameborder=\"0\" allow=\"accelerometer; autoplay; clipboard-write; encrypted-media; gyroscope; picture-in-picture\" allowfullscreen><\/iframe><\/div>\n<\/div><\/figure>\n","protected":false},"excerpt":{"rendered":"<p>Dana 21.01. 2022. godine, u emisiji &#8220;Dobar dan TK&#8221; RTV TK, gostovali su predstavnici Ma\u0161inskog fakulteta Univerziteta u Tuzli, prodekanica za Nau\u010dno-istra\u017eiva\u010dki rad prof.dr.sci. Indira Buljuba\u0161i\u0107, \u00a0i prodekan za nastavu i studentska pitanja prof.dr.sci.&#46;&#46;&#46;<\/p>\n","protected":false},"author":3,"featured_media":6304,"comment_status":"closed","ping_status":"open","sticky":false,"template":"","format":"standard","meta":[],"categories":[13,20],"tags":[],"_links":{"self":[{"href":"http:\/\/mf.untz.ba\/index.php?rest_route=\/wp\/v2\/posts\/6303"}],"collection":[{"href":"http:\/\/mf.untz.ba\/index.php?rest_route=\/wp\/v2\/posts"}],"about":[{"href":"http:\/\/mf.untz.ba\/index.php?rest_route=\/wp\/v2\/types\/post"}],"author":[{"embeddable":true,"href":"http:\/\/mf.untz.ba\/index.php?rest_route=\/wp\/v2\/users\/3"}],"replies":[{"embeddable":true,"href":"http:\/\/mf.untz.ba\/index.php?rest_route=%2Fwp%2Fv2%2Fcomments&post=6303"}],"version-history":[{"count":1,"href":"http:\/\/mf.untz.ba\/index.php?rest_route=\/wp\/v2\/posts\/6303\/revisions"}],"predecessor-version":[{"id":6305,"href":"http:\/\/mf.untz.ba\/index.php?rest_route=\/wp\/v2\/posts\/6303\/revisions\/6305"}],"wp:featuredmedia":[{"embeddable":true,"href":"http:\/\/mf.untz.ba\/index.php?rest_route=\/wp\/v2\/media\/6304"}],"wp:attachment":[{"href":"http:\/\/mf.untz.ba\/index.php?rest_route=%2Fwp%2Fv2%2Fmedia&parent=6303"}],"wp:term":[{"taxonomy":"category","embeddable":true,"href":"http:\/\/mf.untz.ba\/index.php?rest_route=%2Fwp%2Fv2%2Fcategories&post=6303"},{"taxonomy":"post_tag","embeddable":true,"href":"http:\/\/mf.untz.ba\/index.php?rest_route=%2Fwp%2Fv2%2Ftags&post=6303"}],"curies":[{"name":"wp","href":"https:\/\/api.w.org\/{rel}","templated":true}]}}