{"id":8202,"date":"2024-03-22T12:15:05","date_gmt":"2024-03-22T11:15:05","guid":{"rendered":"http:\/\/mf.untz.ba\/?p=8202"},"modified":"2024-03-24T13:35:45","modified_gmt":"2024-03-24T12:35:45","slug":"dani-otvorenih-vrata-masinskog-fakulteta-univerziteta-u-tuzli","status":"publish","type":"post","link":"http:\/\/mf.untz.ba\/?p=8202","title":{"rendered":"DANI OTVORENIH VRATA MA\u0160INSKOG FAKULTETA UNIVERZITETA U TUZLI"},"content":{"rendered":"\n<p>U periodu 15.04.-17.04.2024.godine, od 09.00-15.00 sati, Ma\u0161inski fakultet \u0107e organizovati Dane otvorenih vrata. Tom prilikom \u0107e svi zainteresovani srednjo\u0161kolci imati priliku da obi\u0111u laboratorije Ma\u0161inskog fakulteta, razgovaraju sa profesorima i asistentima kao i predstavnicima privrede koji \u0107e tako\u0111e biti prisutni. Pozivamo vas da nam se pridru\u017eite i upoznate sa svim prilikama koje vam pru\u017ea studij na Ma\u0161inskom fakultetu, NA JEDNOM OD TRI STUDIJSKA PROGRAMA:<\/p>\n\n\n\n<ul><li>Energetika i termo-fluidni in\u017eenjering<\/li><li>Proizvodno ma\u0161instvo<\/li><li>Mehatronika<\/li><\/ul>\n\n\n\n<p>U prilogu su slike sa pro\u0161logodi\u0161njih Dana otvorenih vrata.<\/p>\n\n\n\n<p>DOBRO NAM DO\u0160LI!<\/p>\n\n\n\n<figure class=\"wp-block-image size-large\"><a href=\"http:\/\/mf.untz.ba\/wp-content\/uploads\/2024\/03\/image.png\"><img loading=\"lazy\" width=\"696\" height=\"523\" src=\"http:\/\/mf.untz.ba\/wp-content\/uploads\/2024\/03\/image.png\" alt=\"\" class=\"wp-image-8203\" srcset=\"http:\/\/mf.untz.ba\/wp-content\/uploads\/2024\/03\/image.png 696w, http:\/\/mf.untz.ba\/wp-content\/uploads\/2024\/03\/image-300x225.png 300w\" sizes=\"(max-width: 696px) 100vw, 696px\" \/><\/a><\/figure>\n\n\n\n<figure class=\"wp-block-image size-large\"><a href=\"http:\/\/mf.untz.ba\/wp-content\/uploads\/2024\/03\/image-1.png\"><img loading=\"lazy\" width=\"770\" height=\"1024\" src=\"http:\/\/mf.untz.ba\/wp-content\/uploads\/2024\/03\/image-1-770x1024.png\" alt=\"\" class=\"wp-image-8204\" srcset=\"http:\/\/mf.untz.ba\/wp-content\/uploads\/2024\/03\/image-1-770x1024.png 770w, http:\/\/mf.untz.ba\/wp-content\/uploads\/2024\/03\/image-1-225x300.png 225w, http:\/\/mf.untz.ba\/wp-content\/uploads\/2024\/03\/image-1-768x1022.png 768w, http:\/\/mf.untz.ba\/wp-content\/uploads\/2024\/03\/image-1.png 808w\" sizes=\"(max-width: 770px) 100vw, 770px\" \/><\/a><\/figure>\n\n\n\n<figure class=\"wp-block-image size-large\"><a href=\"http:\/\/mf.untz.ba\/wp-content\/uploads\/2024\/03\/image-2.png\"><img loading=\"lazy\" width=\"738\" height=\"983\" src=\"http:\/\/mf.untz.ba\/wp-content\/uploads\/2024\/03\/image-2.png\" alt=\"\" class=\"wp-image-8205\" srcset=\"http:\/\/mf.untz.ba\/wp-content\/uploads\/2024\/03\/image-2.png 738w, http:\/\/mf.untz.ba\/wp-content\/uploads\/2024\/03\/image-2-225x300.png 225w\" sizes=\"(max-width: 738px) 100vw, 738px\" \/><\/a><\/figure>\n\n\n\n<figure class=\"wp-block-image size-large\"><a href=\"http:\/\/mf.untz.ba\/wp-content\/uploads\/2024\/03\/image-3.png\"><img loading=\"lazy\" width=\"741\" height=\"986\" src=\"http:\/\/mf.untz.ba\/wp-content\/uploads\/2024\/03\/image-3.png\" alt=\"\" class=\"wp-image-8206\" srcset=\"http:\/\/mf.untz.ba\/wp-content\/uploads\/2024\/03\/image-3.png 741w, http:\/\/mf.untz.ba\/wp-content\/uploads\/2024\/03\/image-3-225x300.png 225w\" sizes=\"(max-width: 741px) 100vw, 741px\" \/><\/a><\/figure>\n\n\n\n<figure class=\"wp-block-image size-large\"><a href=\"http:\/\/mf.untz.ba\/wp-content\/uploads\/2024\/03\/image-5.png\"><img loading=\"lazy\" width=\"760\" height=\"1012\" src=\"http:\/\/mf.untz.ba\/wp-content\/uploads\/2024\/03\/image-5.png\" alt=\"\" class=\"wp-image-8208\" srcset=\"http:\/\/mf.untz.ba\/wp-content\/uploads\/2024\/03\/image-5.png 760w, http:\/\/mf.untz.ba\/wp-content\/uploads\/2024\/03\/image-5-225x300.png 225w\" sizes=\"(max-width: 760px) 100vw, 760px\" \/><\/a><\/figure>\n\n\n\n<p><\/p>\n","protected":false},"excerpt":{"rendered":"<p>U periodu 15.04.-17.04.2024.godine, od 09.00-15.00 sati, Ma\u0161inski fakultet \u0107e organizovati Dane otvorenih vrata. Tom prilikom \u0107e svi zainteresovani srednjo\u0161kolci imati priliku da obi\u0111u laboratorije Ma\u0161inskog fakulteta, razgovaraju sa profesorima i asistentima kao i predstavnicima&#46;&#46;&#46;<\/p>\n","protected":false},"author":3,"featured_media":8203,"comment_status":"closed","ping_status":"open","sticky":false,"template":"","format":"standard","meta":[],"categories":[13],"tags":[],"_links":{"self":[{"href":"http:\/\/mf.untz.ba\/index.php?rest_route=\/wp\/v2\/posts\/8202"}],"collection":[{"href":"http:\/\/mf.untz.ba\/index.php?rest_route=\/wp\/v2\/posts"}],"about":[{"href":"http:\/\/mf.untz.ba\/index.php?rest_route=\/wp\/v2\/types\/post"}],"author":[{"embeddable":true,"href":"http:\/\/mf.untz.ba\/index.php?rest_route=\/wp\/v2\/users\/3"}],"replies":[{"embeddable":true,"href":"http:\/\/mf.untz.ba\/index.php?rest_route=%2Fwp%2Fv2%2Fcomments&post=8202"}],"version-history":[{"count":2,"href":"http:\/\/mf.untz.ba\/index.php?rest_route=\/wp\/v2\/posts\/8202\/revisions"}],"predecessor-version":[{"id":8212,"href":"http:\/\/mf.untz.ba\/index.php?rest_route=\/wp\/v2\/posts\/8202\/revisions\/8212"}],"wp:featuredmedia":[{"embeddable":true,"href":"http:\/\/mf.untz.ba\/index.php?rest_route=\/wp\/v2\/media\/8203"}],"wp:attachment":[{"href":"http:\/\/mf.untz.ba\/index.php?rest_route=%2Fwp%2Fv2%2Fmedia&parent=8202"}],"wp:term":[{"taxonomy":"category","embeddable":true,"href":"http:\/\/mf.untz.ba\/index.php?rest_route=%2Fwp%2Fv2%2Fcategories&post=8202"},{"taxonomy":"post_tag","embeddable":true,"href":"http:\/\/mf.untz.ba\/index.php?rest_route=%2Fwp%2Fv2%2Ftags&post=8202"}],"curies":[{"name":"wp","href":"https:\/\/api.w.org\/{rel}","templated":true}]}}