{"id":8512,"date":"2024-06-12T23:13:21","date_gmt":"2024-06-12T21:13:21","guid":{"rendered":"http:\/\/mf.untz.ba\/?p=8512"},"modified":"2024-06-12T23:13:21","modified_gmt":"2024-06-12T21:13:21","slug":"odrzan-simpozij-izazovi-u-energetici-put-u-sigurnu-buducnost","status":"publish","type":"post","link":"http:\/\/mf.untz.ba\/?p=8512","title":{"rendered":"Odr\u017ean Simpozij &#8221;Izazovi u energetici &#8211; put u sigurnu budu\u0107nost&#8221;"},"content":{"rendered":"\n<p>Ma\u0161inski fakultet je u sklopu 29. LJUT-a odr\u017eao Simpozij sa me\u0111unarodnim u\u010de\u0161\u0107em pod nazivom &#8221;Izazovi u energetici &#8211; put u sigurnu budu\u0107nost&#8221;. U sklopu simpozija u\u010de\u0161\u0107e su uzeli profesori sa NTNU Norve\u0161ka, City University of London, Ma\u0161inski fakultet Univerziteta u Beogradu, predstavnici Akademije nauka i umjetnosti &#8211; odjeljenje za tehni\u010dke nauke, predstavnici federalnih i kantonalnih ministarstava, privrednici i predstavnici NVO. <\/p>\n\n\n\n<p>Simpozij je ambiciozno napravio cjelovit pristup, te pored pregleda stranih iskustava, razmotrio na\u0161u situaciju u energetici kroz dva panela: 1. Energetska tranzicija i energetska sigurnost u BiH i 2. Energetska efikasnost kao veliki potencijal za energetsku tranziciju. Strate\u0161ki zakonodavni okvir za OIE i odr\u017eivo finansiranje projekata na TK.<\/p>\n\n\n\n<p>Velik broj prisutnih studenata, akademskih radnika, privrednika, predstavnika resornih ministarstava, nevladinog sektora pokazuje da ove teme zavrije\u0111uju na\u0161u pa\u017enju i zaslu\u017euju kontinuitet.<\/p>\n\n\n\n<p>Ma\u0161inski fakultet ovom prilikom se zahvaljuje <a href=\"https:\/\/www.facebook.com\/univerzitettuzla?__cft__[0]=AZV4kbvMRVwRicMEkp6ofMC2B6jkS2STmYV9advnyVb_8e6K0N5CZzQt4_mxmHkTpOy8vIcqcrh917sTKp53FyQWLd3l2H5uj-9sZHYYjS6fMcI282yQ5X724eyx-t2cAoCvShD6_1S38loINiZ4gMJUoaTFTKb_I2z-y1V7uhE0mk8rxZjlLcQK1oq0Ajtq1yhvfrUHw0UVxZcAFCJKIAGk&amp;__tn__=-]K-R\">Univerzitet u Tuzli &#8211; University of Tuzla<\/a> na podr\u0161ci, a posebnu zahvalnost Ministarstvu prostronog ure\u0111enja i za\u0161tite okolice Tuzlanskog kantona na \u010delu sa ministricom Anelom Aj\u0161i\u0107 na partnerstvu u ovoj manifestaciji. Nakon formiranja zaklju\u010daka simpozija, isti \u0107e se biti prezentirani javnosti i odgovaraju\u0107im nivoima vlasti prema nadle\u017enosti u vidu inicijative.<\/p>\n","protected":false},"excerpt":{"rendered":"<p>Ma\u0161inski fakultet je u sklopu 29. LJUT-a odr\u017eao Simpozij sa me\u0111unarodnim u\u010de\u0161\u0107em pod nazivom &#8221;Izazovi u energetici &#8211; put u sigurnu budu\u0107nost&#8221;. U sklopu simpozija u\u010de\u0161\u0107e su uzeli profesori sa NTNU Norve\u0161ka, City University&#46;&#46;&#46;<\/p>\n","protected":false},"author":3,"featured_media":8513,"comment_status":"closed","ping_status":"open","sticky":false,"template":"","format":"standard","meta":[],"categories":[13],"tags":[],"_links":{"self":[{"href":"http:\/\/mf.untz.ba\/index.php?rest_route=\/wp\/v2\/posts\/8512"}],"collection":[{"href":"http:\/\/mf.untz.ba\/index.php?rest_route=\/wp\/v2\/posts"}],"about":[{"href":"http:\/\/mf.untz.ba\/index.php?rest_route=\/wp\/v2\/types\/post"}],"author":[{"embeddable":true,"href":"http:\/\/mf.untz.ba\/index.php?rest_route=\/wp\/v2\/users\/3"}],"replies":[{"embeddable":true,"href":"http:\/\/mf.untz.ba\/index.php?rest_route=%2Fwp%2Fv2%2Fcomments&post=8512"}],"version-history":[{"count":2,"href":"http:\/\/mf.untz.ba\/index.php?rest_route=\/wp\/v2\/posts\/8512\/revisions"}],"predecessor-version":[{"id":8515,"href":"http:\/\/mf.untz.ba\/index.php?rest_route=\/wp\/v2\/posts\/8512\/revisions\/8515"}],"wp:featuredmedia":[{"embeddable":true,"href":"http:\/\/mf.untz.ba\/index.php?rest_route=\/wp\/v2\/media\/8513"}],"wp:attachment":[{"href":"http:\/\/mf.untz.ba\/index.php?rest_route=%2Fwp%2Fv2%2Fmedia&parent=8512"}],"wp:term":[{"taxonomy":"category","embeddable":true,"href":"http:\/\/mf.untz.ba\/index.php?rest_route=%2Fwp%2Fv2%2Fcategories&post=8512"},{"taxonomy":"post_tag","embeddable":true,"href":"http:\/\/mf.untz.ba\/index.php?rest_route=%2Fwp%2Fv2%2Ftags&post=8512"}],"curies":[{"name":"wp","href":"https:\/\/api.w.org\/{rel}","templated":true}]}}