{"id":8548,"date":"2024-06-27T19:05:18","date_gmt":"2024-06-27T17:05:18","guid":{"rendered":"http:\/\/mf.untz.ba\/?p=8548"},"modified":"2024-06-27T19:05:18","modified_gmt":"2024-06-27T17:05:18","slug":"odrzan-sastanak-izmedju-poslodavaca-predstavnika-mjesovite-srednje-skole-gracanica-predstavnika-grada-gracanica-i-menadzmenta-masinskog-fakulteta","status":"publish","type":"post","link":"http:\/\/mf.untz.ba\/?p=8548","title":{"rendered":"Odr\u017ean sastanak izme\u0111u poslodavaca, predstavnika Mje\u0161ovite srednje \u0161kole Gra\u010danica, predstavnika Grada Gra\u010danica i menad\u017ementa Ma\u0161inskog fakulteta"},"content":{"rendered":"\n<p>U Udru\u017eenju poslodavaca i samostalnih privrednika Gra\u010danica, odr\u017ean je sastanak izme\u0111u poslodavaca, predstavnika Mje\u0161ovite srednje \u0161kole Gra\u010danica, predstavnika Grada Gra\u010danica i menad\u017ementa Ma\u0161inskog fakulteta. Ovom prilikom su razmijenjena mi\u0161ljenja i dosada\u0161nja iskustva u saradnji, te su dogovorene daljne aktivnosti na unaprje\u0111enju saradnje, promoviranju STEM disciplina, pobolj\u0161anju kvaliteta obrazovnog procesa i mogu\u0107nosti anga\u017emana studenata u privrednim subjektima. Zahvaljujemo se na\u0161im doma\u0107inima, a posebno na\u0161em alumnisti kolegi in\u017eenjeru<a href=\"https:\/\/www.facebook.com\/omer.vajza?__cft__[0]=AZV1xAWA05Yo45ntCQ8tjCLUxaSu2WRFnQf3C-KfMdyZYIfdShFa1U7qZ9Ymgi-aFEDYY4SkdgwWCjIhUYY5Jel1jTAvNTaVR7yqczHfNoB_ZWz2p29iBHMN5VQo1WcgvG37evrig_YPvZafdTm2VIpt5F_kk5IZ8xmwM5uiAekZYIOU7EZdxy9zsJuaXTVz9b1n3KAce1f782Xm7qHpETPc&amp;__tn__=-]K-R\"> Omer Vajzovi<\/a>\u0107 na nesebi\u010dnom zalaganju na ovim aktivnostima.<\/p>\n","protected":false},"excerpt":{"rendered":"<p>U Udru\u017eenju poslodavaca i samostalnih privrednika Gra\u010danica, odr\u017ean je sastanak izme\u0111u poslodavaca, predstavnika Mje\u0161ovite srednje \u0161kole Gra\u010danica, predstavnika Grada Gra\u010danica i menad\u017ementa Ma\u0161inskog fakulteta. Ovom prilikom su razmijenjena mi\u0161ljenja i dosada\u0161nja iskustva u saradnji,&#46;&#46;&#46;<\/p>\n","protected":false},"author":3,"featured_media":8549,"comment_status":"closed","ping_status":"open","sticky":false,"template":"","format":"standard","meta":[],"categories":[13],"tags":[],"_links":{"self":[{"href":"http:\/\/mf.untz.ba\/index.php?rest_route=\/wp\/v2\/posts\/8548"}],"collection":[{"href":"http:\/\/mf.untz.ba\/index.php?rest_route=\/wp\/v2\/posts"}],"about":[{"href":"http:\/\/mf.untz.ba\/index.php?rest_route=\/wp\/v2\/types\/post"}],"author":[{"embeddable":true,"href":"http:\/\/mf.untz.ba\/index.php?rest_route=\/wp\/v2\/users\/3"}],"replies":[{"embeddable":true,"href":"http:\/\/mf.untz.ba\/index.php?rest_route=%2Fwp%2Fv2%2Fcomments&post=8548"}],"version-history":[{"count":1,"href":"http:\/\/mf.untz.ba\/index.php?rest_route=\/wp\/v2\/posts\/8548\/revisions"}],"predecessor-version":[{"id":8550,"href":"http:\/\/mf.untz.ba\/index.php?rest_route=\/wp\/v2\/posts\/8548\/revisions\/8550"}],"wp:featuredmedia":[{"embeddable":true,"href":"http:\/\/mf.untz.ba\/index.php?rest_route=\/wp\/v2\/media\/8549"}],"wp:attachment":[{"href":"http:\/\/mf.untz.ba\/index.php?rest_route=%2Fwp%2Fv2%2Fmedia&parent=8548"}],"wp:term":[{"taxonomy":"category","embeddable":true,"href":"http:\/\/mf.untz.ba\/index.php?rest_route=%2Fwp%2Fv2%2Fcategories&post=8548"},{"taxonomy":"post_tag","embeddable":true,"href":"http:\/\/mf.untz.ba\/index.php?rest_route=%2Fwp%2Fv2%2Ftags&post=8548"}],"curies":[{"name":"wp","href":"https:\/\/api.w.org\/{rel}","templated":true}]}}